{"id":1787,"date":"2017-10-23T20:49:33","date_gmt":"2017-10-23T18:49:33","guid":{"rendered":"http:\/\/johancrous.co.za\/?p=1787"},"modified":"2017-10-25T07:52:02","modified_gmt":"2017-10-25T05:52:02","slug":"marleo-loop-die-ekstra-myl","status":"publish","type":"post","link":"http:\/\/johancrous.co.za\/?p=1787","title":{"rendered":"Marleo loop die ekstra myl."},"content":{"rendered":"<p style=\"text-align: justify;\">Ek het Saterdag, die 21ste Oktober, die voorreg gesmaak om Petro Greeff se boekbekendstelling by te woon, by die museum in Wellington. Sy het haar boek, Borsies en Boudjies, bekend gestel. Die boek is deur Mar-Leo Publiseerders gedruk en is van die hoogste gehalte.<\/p>\n<p style=\"text-align: justify;\">Tydens die verrigtinge is daar ook uittreksels uit die boek voorgelees en ek is oortuig dat die inhoud ook net van die beste gehalte is. Ek het self ook &#8216;n eksemplaar aangeskaf en ek is nie verkeerd bewys nie. Petro se debuut boek is net die beste gehalte en genot om te lees.<\/p>\n<p style=\"text-align: justify;\">Mari\u00ebtte Van Dyk het spesiaal van Pretoria af gevlieg na Kaapstad om die boekbekendstelling by te woon en te help met die re\u00eblings, die bewys dat sy die ekstra myl stap vir haar skrywers. Ek kan met trots s\u00ea dat ek ook &#8216;n skrywer is van Mar-Leo Publiseerders.<\/p>\n<p style=\"text-align: center;\"><img loading=\"lazy\" class=\"aligncenter wp-image-1790 size-full\" src=\"http:\/\/johancrous.co.za\/wp-content\/uploads\/2017\/10\/1.jpg\" alt=\"\" width=\"1024\" height=\"576\" srcset=\"http:\/\/johancrous.co.za\/wp-content\/uploads\/2017\/10\/1.jpg 1024w, http:\/\/johancrous.co.za\/wp-content\/uploads\/2017\/10\/1-300x169.jpg 300w, http:\/\/johancrous.co.za\/wp-content\/uploads\/2017\/10\/1-768x432.jpg 768w\" sizes=\"(max-width: 1024px) 100vw, 1024px\" \/>Heerlike versnapperinge is voorgesit aan die gaste.<\/p>\n<p style=\"text-align: center;\"><img loading=\"lazy\" class=\"aligncenter wp-image-1791 size-full\" src=\"http:\/\/johancrous.co.za\/wp-content\/uploads\/2017\/10\/2.jpg\" alt=\"\" width=\"1024\" height=\"576\" srcset=\"http:\/\/johancrous.co.za\/wp-content\/uploads\/2017\/10\/2.jpg 1024w, http:\/\/johancrous.co.za\/wp-content\/uploads\/2017\/10\/2-300x169.jpg 300w, http:\/\/johancrous.co.za\/wp-content\/uploads\/2017\/10\/2-768x432.jpg 768w\" sizes=\"(max-width: 1024px) 100vw, 1024px\" \/>Heerlike koffie en tee was bedien, asook koeldrank.<\/p>\n<p style=\"text-align: center;\"><img loading=\"lazy\" class=\"aligncenter wp-image-1793 size-full\" src=\"http:\/\/johancrous.co.za\/wp-content\/uploads\/2017\/10\/3.jpg\" alt=\"\" width=\"1024\" height=\"576\" srcset=\"http:\/\/johancrous.co.za\/wp-content\/uploads\/2017\/10\/3.jpg 1024w, http:\/\/johancrous.co.za\/wp-content\/uploads\/2017\/10\/3-300x169.jpg 300w, http:\/\/johancrous.co.za\/wp-content\/uploads\/2017\/10\/3-768x432.jpg 768w\" sizes=\"(max-width: 1024px) 100vw, 1024px\" \/>Petro se debuut boek. Dit is beslis die eerste van vele meer. Petro mag maar skryf.<\/p>\n<p>&nbsp;<\/p>\n<p style=\"text-align: center;\"><img loading=\"lazy\" class=\"aligncenter wp-image-1794 size-full\" src=\"http:\/\/johancrous.co.za\/wp-content\/uploads\/2017\/10\/4.jpg\" alt=\"\" width=\"528\" height=\"960\" srcset=\"http:\/\/johancrous.co.za\/wp-content\/uploads\/2017\/10\/4.jpg 528w, http:\/\/johancrous.co.za\/wp-content\/uploads\/2017\/10\/4-165x300.jpg 165w\" sizes=\"(max-width: 528px) 100vw, 528px\" \/>Petro doen die bedankings.<\/p>\n<p style=\"text-align: center;\"><img loading=\"lazy\" class=\"aligncenter wp-image-1795 size-full\" src=\"http:\/\/johancrous.co.za\/wp-content\/uploads\/2017\/10\/5.jpg\" alt=\"\" width=\"576\" height=\"1024\" srcset=\"http:\/\/johancrous.co.za\/wp-content\/uploads\/2017\/10\/5.jpg 576w, http:\/\/johancrous.co.za\/wp-content\/uploads\/2017\/10\/5-169x300.jpg 169w\" sizes=\"(max-width: 576px) 100vw, 576px\" \/>Haar jongste dogter was ook aan die woord. Sy het haar trots in haar moeder uitgespreek.<\/p>\n<p style=\"text-align: center;\"><img loading=\"lazy\" class=\"aligncenter wp-image-1796 size-full\" src=\"http:\/\/johancrous.co.za\/wp-content\/uploads\/2017\/10\/6.jpg\" alt=\"\" width=\"576\" height=\"1024\" srcset=\"http:\/\/johancrous.co.za\/wp-content\/uploads\/2017\/10\/6.jpg 576w, http:\/\/johancrous.co.za\/wp-content\/uploads\/2017\/10\/6-169x300.jpg 169w\" sizes=\"(max-width: 576px) 100vw, 576px\" \/>Petro se oudste dogter doen &#8216;n voorlesing uit die boek. Die trots kon in haar stem gehoor word.<\/p>\n<p style=\"text-align: center;\"><img loading=\"lazy\" class=\"aligncenter wp-image-1797 size-full\" src=\"http:\/\/johancrous.co.za\/wp-content\/uploads\/2017\/10\/7.jpg\" alt=\"\" width=\"576\" height=\"1024\" srcset=\"http:\/\/johancrous.co.za\/wp-content\/uploads\/2017\/10\/7.jpg 576w, http:\/\/johancrous.co.za\/wp-content\/uploads\/2017\/10\/7-169x300.jpg 169w\" sizes=\"(max-width: 576px) 100vw, 576px\" \/>Gys, haar man het ook voorgelees en sy trots was ook opmerklik.<\/p>\n<p style=\"text-align: center;\"><img loading=\"lazy\" class=\"aligncenter wp-image-1798 size-full\" src=\"http:\/\/johancrous.co.za\/wp-content\/uploads\/2017\/10\/9.jpg\" alt=\"\" width=\"1024\" height=\"576\" srcset=\"http:\/\/johancrous.co.za\/wp-content\/uploads\/2017\/10\/9.jpg 1024w, http:\/\/johancrous.co.za\/wp-content\/uploads\/2017\/10\/9-300x169.jpg 300w, http:\/\/johancrous.co.za\/wp-content\/uploads\/2017\/10\/9-768x432.jpg 768w\" sizes=\"(max-width: 1024px) 100vw, 1024px\" \/>Petro het elke eksemplaar persoonlik geteken.<\/p>\n<p style=\"text-align: center;\"><img loading=\"lazy\" class=\"aligncenter wp-image-1800 size-full\" src=\"http:\/\/johancrous.co.za\/wp-content\/uploads\/2017\/10\/10.jpg\" alt=\"\" width=\"576\" height=\"1024\" srcset=\"http:\/\/johancrous.co.za\/wp-content\/uploads\/2017\/10\/10.jpg 576w, http:\/\/johancrous.co.za\/wp-content\/uploads\/2017\/10\/10-169x300.jpg 169w\" sizes=\"(max-width: 576px) 100vw, 576px\" \/>Petro onderteken my, Johan Crous, se eksemplaar.<\/p>\n<p style=\"text-align: center;\"><img loading=\"lazy\" class=\"aligncenter wp-image-1801 size-full\" src=\"http:\/\/johancrous.co.za\/wp-content\/uploads\/2017\/10\/11.jpg\" alt=\"\" width=\"1024\" height=\"576\" srcset=\"http:\/\/johancrous.co.za\/wp-content\/uploads\/2017\/10\/11.jpg 1024w, http:\/\/johancrous.co.za\/wp-content\/uploads\/2017\/10\/11-300x169.jpg 300w, http:\/\/johancrous.co.za\/wp-content\/uploads\/2017\/10\/11-768x432.jpg 768w\" sizes=\"(max-width: 1024px) 100vw, 1024px\" \/>Mari\u00ebtte Van Dyk saam met Petro en haar gesin.<\/p>\n<p>Daar was verskeie ander skrywers ook by die geleentheid:<\/p>\n<p style=\"text-align: center;\"><img loading=\"lazy\" class=\"aligncenter wp-image-1802 size-full\" src=\"http:\/\/johancrous.co.za\/wp-content\/uploads\/2017\/10\/12.jpg\" alt=\"\" width=\"1024\" height=\"576\" srcset=\"http:\/\/johancrous.co.za\/wp-content\/uploads\/2017\/10\/12.jpg 1024w, http:\/\/johancrous.co.za\/wp-content\/uploads\/2017\/10\/12-300x169.jpg 300w, http:\/\/johancrous.co.za\/wp-content\/uploads\/2017\/10\/12-768x432.jpg 768w\" sizes=\"(max-width: 1024px) 100vw, 1024px\" \/>Mari\u00ebtte Van Dyk, Johan Crous en Olga Basson.<\/p>\n<p style=\"text-align: center;\"><img loading=\"lazy\" class=\"aligncenter wp-image-1803 size-full\" src=\"http:\/\/johancrous.co.za\/wp-content\/uploads\/2017\/10\/13.jpg\" alt=\"\" width=\"576\" height=\"1024\" srcset=\"http:\/\/johancrous.co.za\/wp-content\/uploads\/2017\/10\/13.jpg 576w, http:\/\/johancrous.co.za\/wp-content\/uploads\/2017\/10\/13-169x300.jpg 169w\" sizes=\"(max-width: 576px) 100vw, 576px\" \/>Mari\u00ebtte Van Dyk en Johan Crous.<\/p>\n<p style=\"text-align: center;\"><img loading=\"lazy\" class=\"aligncenter wp-image-1804 size-full\" src=\"http:\/\/johancrous.co.za\/wp-content\/uploads\/2017\/10\/14.jpg\" alt=\"\" width=\"1024\" height=\"576\" srcset=\"http:\/\/johancrous.co.za\/wp-content\/uploads\/2017\/10\/14.jpg 1024w, http:\/\/johancrous.co.za\/wp-content\/uploads\/2017\/10\/14-300x169.jpg 300w, http:\/\/johancrous.co.za\/wp-content\/uploads\/2017\/10\/14-768x432.jpg 768w\" sizes=\"(max-width: 1024px) 100vw, 1024px\" \/>Olga Basson en Alte Cloete.<\/p>\n<p style=\"text-align: center;\"><img loading=\"lazy\" class=\"aligncenter wp-image-1805 size-full\" src=\"http:\/\/johancrous.co.za\/wp-content\/uploads\/2017\/10\/15.jpg\" alt=\"\" width=\"1024\" height=\"576\" srcset=\"http:\/\/johancrous.co.za\/wp-content\/uploads\/2017\/10\/15.jpg 1024w, http:\/\/johancrous.co.za\/wp-content\/uploads\/2017\/10\/15-300x169.jpg 300w, http:\/\/johancrous.co.za\/wp-content\/uploads\/2017\/10\/15-768x432.jpg 768w\" sizes=\"(max-width: 1024px) 100vw, 1024px\" \/>Johan Crous, Mari\u00ebtte Van Dyk en Pierre Rossouw.<\/p>\n<p style=\"text-align: center;\"><img loading=\"lazy\" class=\"aligncenter wp-image-1806 size-full\" src=\"http:\/\/johancrous.co.za\/wp-content\/uploads\/2017\/10\/16.jpg\" alt=\"\" width=\"576\" height=\"1024\" srcset=\"http:\/\/johancrous.co.za\/wp-content\/uploads\/2017\/10\/16.jpg 576w, http:\/\/johancrous.co.za\/wp-content\/uploads\/2017\/10\/16-169x300.jpg 169w\" sizes=\"(max-width: 576px) 100vw, 576px\" \/>En nou moet hierdie plakkaat van skrywers aangepas word. Petro moet nou bygevoeg word.<\/p>\n<p style=\"text-align: justify;\">Sy het gedoen wat baie mense net van kon droom. Sy het begin skryf en dit tot die einde deurgevoer. Petro is ook gerus, want sy weet sy is in goeie hande in haar keuse van publiseerders. Haar boek is in haar naam geregistreer.<\/p>\n<p>Welgedaan.<\/p>\n<p>[fbcommentssync]<\/p>\n","protected":false},"excerpt":{"rendered":"<p>Ek het Saterdag, die 21ste Oktober, die voorreg gesmaak om Petro Greeff se boekbekendstelling by te woon, by die museum in Wellington. Sy het haar boek, Borsies en Boudjies, bekend gestel. Die boek is deur Mar-Leo Publiseerders gedruk en is van die hoogste gehalte. Tydens die verrigtinge is daar ook uittreksels uit die boek voorgelees [&hellip;]<\/p>\n","protected":false},"author":1,"featured_media":0,"comment_status":"open","ping_status":"open","sticky":false,"template":"","format":"standard","meta":{"_links_to":"","_links_to_target":""},"categories":[4],"tags":[21,95,6,93,73,67,94,68],"_links":{"self":[{"href":"http:\/\/johancrous.co.za\/index.php?rest_route=\/wp\/v2\/posts\/1787"}],"collection":[{"href":"http:\/\/johancrous.co.za\/index.php?rest_route=\/wp\/v2\/posts"}],"about":[{"href":"http:\/\/johancrous.co.za\/index.php?rest_route=\/wp\/v2\/types\/post"}],"author":[{"embeddable":true,"href":"http:\/\/johancrous.co.za\/index.php?rest_route=\/wp\/v2\/users\/1"}],"replies":[{"embeddable":true,"href":"http:\/\/johancrous.co.za\/index.php?rest_route=%2Fwp%2Fv2%2Fcomments&post=1787"}],"version-history":[{"count":7,"href":"http:\/\/johancrous.co.za\/index.php?rest_route=\/wp\/v2\/posts\/1787\/revisions"}],"predecessor-version":[{"id":1809,"href":"http:\/\/johancrous.co.za\/index.php?rest_route=\/wp\/v2\/posts\/1787\/revisions\/1809"}],"wp:attachment":[{"href":"http:\/\/johancrous.co.za\/index.php?rest_route=%2Fwp%2Fv2%2Fmedia&parent=1787"}],"wp:term":[{"taxonomy":"category","embeddable":true,"href":"http:\/\/johancrous.co.za\/index.php?rest_route=%2Fwp%2Fv2%2Fcategories&post=1787"},{"taxonomy":"post_tag","embeddable":true,"href":"http:\/\/johancrous.co.za\/index.php?rest_route=%2Fwp%2Fv2%2Ftags&post=1787"}],"curies":[{"name":"wp","href":"https:\/\/api.w.org\/{rel}","templated":true}]}}